{"id":250,"date":"2024-07-21T08:00:00","date_gmt":"2024-07-21T08:00:00","guid":{"rendered":"https:\/\/srregio.net\/notiregio\/?p=250"},"modified":"2024-07-21T08:19:58","modified_gmt":"2024-07-21T08:19:58","slug":"%f0%9f%90%b6%f0%9f%90%95-celebramos-el-dia-mundial-del-perro-un-homenaje-a-nuestro-mejor-amigo","status":"publish","type":"post","link":"https:\/\/srregio.net\/notiregio\/2024\/07\/21\/%f0%9f%90%b6%f0%9f%90%95-celebramos-el-dia-mundial-del-perro-un-homenaje-a-nuestro-mejor-amigo\/","title":{"rendered":"\ud83d\udc36\ud83d\udc15 Celebramos el D\u00eda Mundial del Perro: Un Homenaje a Nuestro Mejor Amigo"},"content":{"rendered":"\n<p><\/p>\n\n\n\n<p>Cada 21 de julio, el mundo rinde homenaje a una de las criaturas m\u00e1s fieles y queridas: el perro. Esta fecha no solo celebra la alegr\u00eda y el amor que estos animales nos brindan, sino que tambi\u00e9n busca generar conciencia sobre la situaci\u00f3n de muchos perros que viven en condiciones de abandono y maltrato.<\/p>\n\n\n\n<h3 class=\"wp-block-heading\">\u00bfPor qu\u00e9 se celebra el D\u00eda Mundial del Perro?<\/h3>\n\n\n\n<p>El D\u00eda Mundial del Perro fue establecido en 2004 para reconocer la importancia de los perros en nuestras vidas y en la sociedad. Adem\u00e1s, esta efem\u00e9ride busca llamar la atenci\u00f3n sobre la enorme cantidad de perros que carecen de hogar. Seg\u00fan la Organizaci\u00f3n Mundial de la Salud (OMS), aproximadamente el 70% de los perros en el mundo no tienen un hogar <a href=\"https:\/\/www.adn40.mx\/mexico\/efemerides-21-de-julio-gm-especial\">oai_citation:1,Efem\u00e9rides 21 de julio, los hechos que marcaron este d\u00eda<\/a> <a href=\"https:\/\/www.tycsports.com\/interes-general\/efemerides\/efemerides-del-21-de-julio-que-se-conmemora-hoy-id597200.html\">oai_citation:2,Efem\u00e9rides del 21 de julio: qu\u00e9 se conmemora &#8211; TyC Sports<\/a>.<\/p>\n\n\n<div class=\"wp-block-image\">\n<figure class=\"aligncenter size-large\"><img loading=\"lazy\" decoding=\"async\" width=\"678\" height=\"452\" src=\"https:\/\/srregio.net\/notiregio\/wp-content\/uploads\/2024\/07\/img_1039-1.jpg\" alt=\"\" class=\"wp-image-248\" srcset=\"https:\/\/srregio.net\/notiregio\/wp-content\/uploads\/2024\/07\/img_1039-1.jpg 678w, https:\/\/srregio.net\/notiregio\/wp-content\/uploads\/2024\/07\/img_1039-1-300x200.jpg 300w\" sizes=\"auto, (max-width: 678px) 100vw, 678px\" \/><\/figure>\n<\/div>\n\n<p><script async src=\"https:\/\/pagead2.googlesyndication.com\/pagead\/js\/adsbygoogle.js?client=ca-pub-6033279595298929\"\n     crossorigin=\"anonymous\"><\/script><br \/>\n<!-- nuevooos --><br \/>\n<ins class=\"adsbygoogle\"\n     style=\"display:block\"\n     data-ad-client=\"ca-pub-6033279595298929\"\n     data-ad-slot=\"3322436134\"\n     data-ad-format=\"auto\"\n     data-full-width-responsive=\"true\"><\/ins><br \/>\n<script><br \/>\n     (adsbygoogle = window.adsbygoogle || []).push({});<br \/>\n<\/script><\/p>\n\n\n<h3 class=\"wp-block-heading\">La Importancia de los Perros<\/h3>\n\n\n\n<p>Los perros no solo son compa\u00f1eros leales y cari\u00f1osos, sino que tambi\u00e9n desempe\u00f1an roles cruciales en la sociedad. Desde perros gu\u00eda para personas con discapacidad visual hasta perros de terapia que ayudan a mejorar la salud mental de las personas, estos animales demuestran una capacidad extraordinaria para influir positivamente en nuestras vidas.<\/p>\n\n\n\n<h3 class=\"wp-block-heading\">C\u00f3mo Celebrar el D\u00eda Mundial del Perro<\/h3>\n\n\n\n<ol class=\"wp-block-list\">\n<li><strong>Adopta, No Compres<\/strong>: Si est\u00e1s considerando tener un perro, piensa en adoptar de un refugio. Hay miles de perros esperando una segunda oportunidad.<\/li>\n\n\n\n<li><strong>Voluntariado<\/strong>: Dedica tiempo a ayudar en refugios locales. Tu tiempo y cari\u00f1o pueden hacer una gran diferencia en la vida de estos animales.<\/li>\n\n\n\n<li><strong>Conciencia y Educaci\u00f3n<\/strong>: Utiliza tus redes sociales para compartir informaci\u00f3n sobre la importancia de la adopci\u00f3n y el cuidado responsable de los perros.<\/li>\n\n\n\n<li><strong>Cuida a Tu Perro<\/strong>: Si ya tienes un perro, aseg\u00farate de que est\u00e9 saludable y feliz. Dale un extra de cari\u00f1o y tiempo de juego en este d\u00eda especial.<\/li>\n<\/ol>\n\n\n\n<h3 class=\"wp-block-heading\">Reflexi\u00f3n Final<\/h3>\n\n\n\n<p>El D\u00eda Mundial del Perro es una oportunidad para reflexionar sobre el papel vital que estos animales juegan en nuestras vidas y para comprometernos a mejorar sus condiciones. Ya sea a trav\u00e9s de la adopci\u00f3n, el voluntariado o simplemente brindando m\u00e1s amor y cuidado a nuestros propios perros, todos podemos contribuir a que el mundo sea un lugar mejor para nuestros amigos de cuatro patas.<\/p>\n\n\n\n<p>\u00a1Feliz D\u00eda Mundial del Perro! \ud83d\udc3e<\/p>\n\n\n\n<hr class=\"wp-block-separator has-alpha-channel-opacity\"\/>\n\n\n\n<p>Fuentes:<\/p>\n\n\n\n<ul class=\"wp-block-list\">\n<li><a href=\"https:\/\/www.tycsports.com\/efemerides\/efemerides-del-21-de-julio-id495761.html\">TyC Sports<\/a><\/li>\n\n\n\n<li><a href=\"https:\/\/www.adn40.mx\/efemerides\/efemerides-del-21-de-julio-2021\">ADN40<\/a><\/li>\n<\/ul>\n","protected":false},"excerpt":{"rendered":"<p>Cada 21 de julio, el mundo rinde homenaje a una de las criaturas m\u00e1s fieles y queridas: el perro. Esta fecha no solo celebra la alegr\u00eda y el amor que estos animales nos brindan, sino que tambi\u00e9n busca generar conciencia sobre la situaci\u00f3n de muchos perros que viven en condiciones de abandono y maltrato. \u00bfPor &#8230; <a title=\"\ud83d\udc36\ud83d\udc15 Celebramos el D\u00eda Mundial del Perro: Un Homenaje a Nuestro Mejor Amigo\" class=\"read-more\" href=\"https:\/\/srregio.net\/notiregio\/2024\/07\/21\/%f0%9f%90%b6%f0%9f%90%95-celebramos-el-dia-mundial-del-perro-un-homenaje-a-nuestro-mejor-amigo\/\" aria-label=\"Leer m\u00e1s sobre \ud83d\udc36\ud83d\udc15 Celebramos el D\u00eda Mundial del Perro: Un Homenaje a Nuestro Mejor Amigo\">Leer m\u00e1s<\/a><\/p>\n","protected":false},"author":1,"featured_media":249,"comment_status":"closed","ping_status":"open","sticky":false,"template":"","format":"standard","meta":{"footnotes":""},"categories":[18,12,17],"tags":[104,102,103,101],"class_list":["post-250","post","type-post","status-publish","format-standard","has-post-thumbnail","hentry","category-curiosidades","category-entretenimiento","category-ocio","tag-21-de-julio","tag-dia-mundial","tag-dia-mundial-del-perro","tag-perro"],"_links":{"self":[{"href":"https:\/\/srregio.net\/notiregio\/wp-json\/wp\/v2\/posts\/250","targetHints":{"allow":["GET"]}}],"collection":[{"href":"https:\/\/srregio.net\/notiregio\/wp-json\/wp\/v2\/posts"}],"about":[{"href":"https:\/\/srregio.net\/notiregio\/wp-json\/wp\/v2\/types\/post"}],"author":[{"embeddable":true,"href":"https:\/\/srregio.net\/notiregio\/wp-json\/wp\/v2\/users\/1"}],"replies":[{"embeddable":true,"href":"https:\/\/srregio.net\/notiregio\/wp-json\/wp\/v2\/comments?post=250"}],"version-history":[{"count":1,"href":"https:\/\/srregio.net\/notiregio\/wp-json\/wp\/v2\/posts\/250\/revisions"}],"predecessor-version":[{"id":251,"href":"https:\/\/srregio.net\/notiregio\/wp-json\/wp\/v2\/posts\/250\/revisions\/251"}],"wp:featuredmedia":[{"embeddable":true,"href":"https:\/\/srregio.net\/notiregio\/wp-json\/wp\/v2\/media\/249"}],"wp:attachment":[{"href":"https:\/\/srregio.net\/notiregio\/wp-json\/wp\/v2\/media?parent=250"}],"wp:term":[{"taxonomy":"category","embeddable":true,"href":"https:\/\/srregio.net\/notiregio\/wp-json\/wp\/v2\/categories?post=250"},{"taxonomy":"post_tag","embeddable":true,"href":"https:\/\/srregio.net\/notiregio\/wp-json\/wp\/v2\/tags?post=250"}],"curies":[{"name":"wp","href":"https:\/\/api.w.org\/{rel}","templated":true}]}}