{"id":263,"date":"2024-07-25T14:15:01","date_gmt":"2024-07-25T14:15:01","guid":{"rendered":"https:\/\/srregio.net\/notiregio\/?p=263"},"modified":"2024-07-25T14:15:01","modified_gmt":"2024-07-25T14:15:01","slug":"%f0%9f%8c%a8%ef%b8%8f%e2%9d%84%ef%b8%8f-increible-pero-cierto-nieve-en-sudafrica-%e2%9d%84%ef%b8%8f%f0%9f%8c%a8%ef%b8%8f","status":"publish","type":"post","link":"https:\/\/srregio.net\/notiregio\/2024\/07\/25\/%f0%9f%8c%a8%ef%b8%8f%e2%9d%84%ef%b8%8f-increible-pero-cierto-nieve-en-sudafrica-%e2%9d%84%ef%b8%8f%f0%9f%8c%a8%ef%b8%8f\/","title":{"rendered":"\ud83c\udf28\ufe0f\u2744\ufe0f \u00a1Incre\u00edble pero cierto! \u00a1Nieve en Sud\u00e1frica! \u2744\ufe0f\ud83c\udf28\ufe0f"},"content":{"rendered":"\n<p><\/p>\n\n\n\n<p>Esta semana, Sud\u00e1frica ha sido testigo de un fen\u00f3meno inusual: \u00a1una nevada! \ud83c\udf0d\u2744\ufe0f Conocido por sus altas temperaturas, este pa\u00eds africano sorprendi\u00f3 a todos con un paisaje cubierto de nieve. Las im\u00e1genes y videos de esta nevada se han vuelto virales, mostrando un escenario completamente at\u00edpico y hermoso. \ud83c\udf28\ufe0f\ud83d\udcf8<\/p>\n\n\n\n<p>Es impresionante c\u00f3mo la naturaleza siempre encuentra formas de sorprendernos. \u00bfQu\u00e9 opinan de este fen\u00f3meno tan raro? \ud83c\udf0d\u2744\ufe0f<\/p>\n\n\n<p><script async src=\"https:\/\/pagead2.googlesyndication.com\/pagead\/js\/adsbygoogle.js?client=ca-pub-6033279595298929\"\n     crossorigin=\"anonymous\"><\/script><br \/>\n<!-- nuevooos --><br \/>\n<ins class=\"adsbygoogle\"\n     style=\"display:block\"\n     data-ad-client=\"ca-pub-6033279595298929\"\n     data-ad-slot=\"3322436134\"\n     data-ad-format=\"auto\"\n     data-full-width-responsive=\"true\"><\/ins><br \/>\n<script><br \/>\n     (adsbygoogle = window.adsbygoogle || []).push({});<br \/>\n<\/script><\/p>\n\n\n<figure class=\"wp-block-embed is-type-video is-provider-youtube wp-block-embed-youtube wp-embed-aspect-16-9 wp-has-aspect-ratio\"><div class=\"wp-block-embed__wrapper\">\n<iframe loading=\"lazy\" title=\"Cae nevada en \u00c1frica y sorprende a los animales\" width=\"1200\" height=\"675\" src=\"https:\/\/www.youtube.com\/embed\/C9VRuvbOl2c?feature=oembed\" frameborder=\"0\" allow=\"accelerometer; autoplay; clipboard-write; encrypted-media; gyroscope; picture-in-picture; web-share\" referrerpolicy=\"strict-origin-when-cross-origin\" allowfullscreen><\/iframe>\n<\/div><\/figure>\n\n\n\n<p>#NieveEnSud\u00e1frica #Fen\u00f3menoInusual #NaturalezaSorprendente<\/p>\n","protected":false},"excerpt":{"rendered":"<p>Esta semana, Sud\u00e1frica ha sido testigo de un fen\u00f3meno inusual: \u00a1una nevada! \ud83c\udf0d\u2744\ufe0f Conocido por sus altas temperaturas, este pa\u00eds africano sorprendi\u00f3 a todos con un paisaje cubierto de nieve. Las im\u00e1genes y videos de esta nevada se han vuelto virales, mostrando un escenario completamente at\u00edpico y hermoso. \ud83c\udf28\ufe0f\ud83d\udcf8 Es impresionante c\u00f3mo la naturaleza siempre &#8230; <a title=\"\ud83c\udf28\ufe0f\u2744\ufe0f \u00a1Incre\u00edble pero cierto! \u00a1Nieve en Sud\u00e1frica! \u2744\ufe0f\ud83c\udf28\ufe0f\" class=\"read-more\" href=\"https:\/\/srregio.net\/notiregio\/2024\/07\/25\/%f0%9f%8c%a8%ef%b8%8f%e2%9d%84%ef%b8%8f-increible-pero-cierto-nieve-en-sudafrica-%e2%9d%84%ef%b8%8f%f0%9f%8c%a8%ef%b8%8f\/\" aria-label=\"Leer m\u00e1s sobre \ud83c\udf28\ufe0f\u2744\ufe0f \u00a1Incre\u00edble pero cierto! \u00a1Nieve en Sud\u00e1frica! \u2744\ufe0f\ud83c\udf28\ufe0f\">Leer m\u00e1s<\/a><\/p>\n","protected":false},"author":1,"featured_media":262,"comment_status":"closed","ping_status":"open","sticky":false,"template":"","format":"standard","meta":{"footnotes":""},"categories":[18,54],"tags":[113,114,22],"class_list":["post-263","post","type-post","status-publish","format-standard","has-post-thumbnail","hentry","category-curiosidades","category-historia","tag-africa","tag-nieve","tag-notiregio"],"_links":{"self":[{"href":"https:\/\/srregio.net\/notiregio\/wp-json\/wp\/v2\/posts\/263","targetHints":{"allow":["GET"]}}],"collection":[{"href":"https:\/\/srregio.net\/notiregio\/wp-json\/wp\/v2\/posts"}],"about":[{"href":"https:\/\/srregio.net\/notiregio\/wp-json\/wp\/v2\/types\/post"}],"author":[{"embeddable":true,"href":"https:\/\/srregio.net\/notiregio\/wp-json\/wp\/v2\/users\/1"}],"replies":[{"embeddable":true,"href":"https:\/\/srregio.net\/notiregio\/wp-json\/wp\/v2\/comments?post=263"}],"version-history":[{"count":1,"href":"https:\/\/srregio.net\/notiregio\/wp-json\/wp\/v2\/posts\/263\/revisions"}],"predecessor-version":[{"id":264,"href":"https:\/\/srregio.net\/notiregio\/wp-json\/wp\/v2\/posts\/263\/revisions\/264"}],"wp:featuredmedia":[{"embeddable":true,"href":"https:\/\/srregio.net\/notiregio\/wp-json\/wp\/v2\/media\/262"}],"wp:attachment":[{"href":"https:\/\/srregio.net\/notiregio\/wp-json\/wp\/v2\/media?parent=263"}],"wp:term":[{"taxonomy":"category","embeddable":true,"href":"https:\/\/srregio.net\/notiregio\/wp-json\/wp\/v2\/categories?post=263"},{"taxonomy":"post_tag","embeddable":true,"href":"https:\/\/srregio.net\/notiregio\/wp-json\/wp\/v2\/tags?post=263"}],"curies":[{"name":"wp","href":"https:\/\/api.w.org\/{rel}","templated":true}]}}