{"id":266,"date":"2024-07-25T17:39:47","date_gmt":"2024-07-25T17:39:47","guid":{"rendered":"https:\/\/srregio.net\/notiregio\/?p=266"},"modified":"2024-07-25T17:39:47","modified_gmt":"2024-07-25T17:39:47","slug":"%f0%9f%8c%95%e2%9c%a8-la-luna-es-hueca-descubre-las-teorias-mas-intrigantes-%e2%9c%a8%f0%9f%8c%95","status":"publish","type":"post","link":"https:\/\/srregio.net\/notiregio\/2024\/07\/25\/%f0%9f%8c%95%e2%9c%a8-la-luna-es-hueca-descubre-las-teorias-mas-intrigantes-%e2%9c%a8%f0%9f%8c%95\/","title":{"rendered":"\ud83c\udf15\u2728 \u00bfLa Luna es hueca? \u00a1Descubre las teor\u00edas m\u00e1s intrigantes! \u2728\ud83c\udf15"},"content":{"rendered":"\n<p><\/p>\n\n\n\n<p>La idea de que la Luna es hueca ha capturado la imaginaci\u00f3n de muchos durante a\u00f1os. Esta teor\u00eda surgi\u00f3 en parte debido a los datos s\u00edsmicos recogidos durante las misiones Apolo, donde se observ\u00f3 que la Luna vibraba como una campana tras ciertos impactos. Sin embargo, la comunidad cient\u00edfica ha demostrado que la Luna tiene una estructura interna s\u00f3lida, con una corteza, un manto y un n\u00facleo.<\/p>\n\n\n\n<p>Aunque la mayor\u00eda de los cient\u00edficos coinciden en que la Luna no es hueca, estas vibraciones se deben a su composici\u00f3n y estructura geol\u00f3gica. \ud83c\udf0d\ud83d\udd2c<\/p>\n\n\n<p><script async src=\"https:\/\/pagead2.googlesyndication.com\/pagead\/js\/adsbygoogle.js?client=ca-pub-6033279595298929\"\n     crossorigin=\"anonymous\"><\/script><br \/>\n<!-- nuevooos --><br \/>\n<ins class=\"adsbygoogle\"\n     style=\"display:block\"\n     data-ad-client=\"ca-pub-6033279595298929\"\n     data-ad-slot=\"3322436134\"\n     data-ad-format=\"auto\"\n     data-full-width-responsive=\"true\"><\/ins><br \/>\n<script><br \/>\n     (adsbygoogle = window.adsbygoogle || []).push({});<br \/>\n<\/script><\/p>\n\n\n<figure class=\"wp-block-embed is-type-video is-provider-youtube wp-block-embed-youtube wp-embed-aspect-16-9 wp-has-aspect-ratio\"><div class=\"wp-block-embed__wrapper\">\n<iframe loading=\"lazy\" title=\"\u00bfLA LUNA ES HUECA? - ALIENI\u0301GENAS ANCESTRALES\" width=\"1200\" height=\"675\" src=\"https:\/\/www.youtube.com\/embed\/7IzpT-7Tq_0?feature=oembed\" frameborder=\"0\" allow=\"accelerometer; autoplay; clipboard-write; encrypted-media; gyroscope; picture-in-picture; web-share\" referrerpolicy=\"strict-origin-when-cross-origin\" allowfullscreen><\/iframe>\n<\/div><\/figure>\n\n\n\n<p>Es fascinante c\u00f3mo estas teor\u00edas nos invitan a explorar y cuestionar lo que sabemos sobre nuestro sat\u00e9lite natural. \u00bfQu\u00e9 opinan ustedes? \ud83c\udf15\u2728<\/p>\n\n\n\n<p>#LunaHueca #Teor\u00edasEspaciales #CienciaYCuriosidades<\/p>\n","protected":false},"excerpt":{"rendered":"<p>La idea de que la Luna es hueca ha capturado la imaginaci\u00f3n de muchos durante a\u00f1os. Esta teor\u00eda surgi\u00f3 en parte debido a los datos s\u00edsmicos recogidos durante las misiones Apolo, donde se observ\u00f3 que la Luna vibraba como una campana tras ciertos impactos. Sin embargo, la comunidad cient\u00edfica ha demostrado que la Luna tiene &#8230; <a title=\"\ud83c\udf15\u2728 \u00bfLa Luna es hueca? \u00a1Descubre las teor\u00edas m\u00e1s intrigantes! \u2728\ud83c\udf15\" class=\"read-more\" href=\"https:\/\/srregio.net\/notiregio\/2024\/07\/25\/%f0%9f%8c%95%e2%9c%a8-la-luna-es-hueca-descubre-las-teorias-mas-intrigantes-%e2%9c%a8%f0%9f%8c%95\/\" aria-label=\"Leer m\u00e1s sobre \ud83c\udf15\u2728 \u00bfLa Luna es hueca? \u00a1Descubre las teor\u00edas m\u00e1s intrigantes! \u2728\ud83c\udf15\">Leer m\u00e1s<\/a><\/p>\n","protected":false},"author":1,"featured_media":265,"comment_status":"closed","ping_status":"open","sticky":false,"template":"","format":"standard","meta":{"footnotes":""},"categories":[18,54,17],"tags":[91,115,22,4],"class_list":["post-266","post","type-post","status-publish","format-standard","has-post-thumbnail","hentry","category-curiosidades","category-historia","category-ocio","tag-luna","tag-luna-hueca","tag-notiregio","tag-srregio"],"_links":{"self":[{"href":"https:\/\/srregio.net\/notiregio\/wp-json\/wp\/v2\/posts\/266","targetHints":{"allow":["GET"]}}],"collection":[{"href":"https:\/\/srregio.net\/notiregio\/wp-json\/wp\/v2\/posts"}],"about":[{"href":"https:\/\/srregio.net\/notiregio\/wp-json\/wp\/v2\/types\/post"}],"author":[{"embeddable":true,"href":"https:\/\/srregio.net\/notiregio\/wp-json\/wp\/v2\/users\/1"}],"replies":[{"embeddable":true,"href":"https:\/\/srregio.net\/notiregio\/wp-json\/wp\/v2\/comments?post=266"}],"version-history":[{"count":1,"href":"https:\/\/srregio.net\/notiregio\/wp-json\/wp\/v2\/posts\/266\/revisions"}],"predecessor-version":[{"id":267,"href":"https:\/\/srregio.net\/notiregio\/wp-json\/wp\/v2\/posts\/266\/revisions\/267"}],"wp:featuredmedia":[{"embeddable":true,"href":"https:\/\/srregio.net\/notiregio\/wp-json\/wp\/v2\/media\/265"}],"wp:attachment":[{"href":"https:\/\/srregio.net\/notiregio\/wp-json\/wp\/v2\/media?parent=266"}],"wp:term":[{"taxonomy":"category","embeddable":true,"href":"https:\/\/srregio.net\/notiregio\/wp-json\/wp\/v2\/categories?post=266"},{"taxonomy":"post_tag","embeddable":true,"href":"https:\/\/srregio.net\/notiregio\/wp-json\/wp\/v2\/tags?post=266"}],"curies":[{"name":"wp","href":"https:\/\/api.w.org\/{rel}","templated":true}]}}