{"id":269,"date":"2024-07-26T03:05:25","date_gmt":"2024-07-26T03:05:25","guid":{"rendered":"https:\/\/srregio.net\/notiregio\/?p=269"},"modified":"2024-07-26T03:05:25","modified_gmt":"2024-07-26T03:05:25","slug":"capturan-a-el-mayo-y-el-chapo","status":"publish","type":"post","link":"https:\/\/srregio.net\/notiregio\/2024\/07\/26\/capturan-a-el-mayo-y-el-chapo\/","title":{"rendered":"Capturan a \u201cEl Mayo\u201d y \u201cEl Chapo\u201d"},"content":{"rendered":"\n<p><\/p>\n\n\n\n<p>Acaba de confirmarse la captura de Ismael &#8220;El Mayo&#8221; Zambada y Joaqu\u00edn Guzm\u00e1n L\u00f3pez, hijo de &#8220;El Chapo&#8221;, en Texas, Estados Unidos.<\/p>\n\n\n\n<p>Ambos criminales fueron detenidos cuando intentaban abordar un avi\u00f3n privado en El Paso.<\/p>\n\n\n\n<p>&#8220;El Mayo&#8221; Zambada es considerado uno de los l\u00edderes m\u00e1s importantes del C\u00e1rtel de Sinaloa y enfrenta m\u00faltiples acusaciones por crimen organizado y tr\u00e1fico de drogas.<\/p>\n\n\n\n<p>\u00a1La justicia avanza!<\/p>\n\n\n\n<h1 class=\"wp-block-heading\">CapturaDeElMayo #Justicia #C\u00e1rtelDeSinaloa&#8221;<\/h1>\n\n\n\n<figure class=\"wp-block-embed is-type-video is-provider-youtube wp-block-embed-youtube wp-embed-aspect-16-9 wp-has-aspect-ratio\"><div class=\"wp-block-embed__wrapper\">\n<iframe loading=\"lazy\" title=\"\u2018El Mayo\u2019 Zambada se entreg\u00f3 a las autoridades de Estados Unidos\" width=\"1200\" height=\"675\" src=\"https:\/\/www.youtube.com\/embed\/bDWtVM2ULtY?feature=oembed\" frameborder=\"0\" allow=\"accelerometer; autoplay; clipboard-write; encrypted-media; gyroscope; picture-in-picture; web-share\" referrerpolicy=\"strict-origin-when-cross-origin\" allowfullscreen><\/iframe>\n<\/div><\/figure>\n","protected":false},"excerpt":{"rendered":"<p>Acaba de confirmarse la captura de Ismael &#8220;El Mayo&#8221; Zambada y Joaqu\u00edn Guzm\u00e1n L\u00f3pez, hijo de &#8220;El Chapo&#8221;, en Texas, Estados Unidos. Ambos criminales fueron detenidos cuando intentaban abordar un avi\u00f3n privado en El Paso. &#8220;El Mayo&#8221; Zambada es considerado uno de los l\u00edderes m\u00e1s importantes del C\u00e1rtel de Sinaloa y enfrenta m\u00faltiples acusaciones por &#8230; <a title=\"Capturan a \u201cEl Mayo\u201d y \u201cEl Chapo\u201d\" class=\"read-more\" href=\"https:\/\/srregio.net\/notiregio\/2024\/07\/26\/capturan-a-el-mayo-y-el-chapo\/\" aria-label=\"Leer m\u00e1s sobre Capturan a \u201cEl Mayo\u201d y \u201cEl Chapo\u201d\">Leer m\u00e1s<\/a><\/p>\n","protected":false},"author":1,"featured_media":268,"comment_status":"closed","ping_status":"open","sticky":false,"template":"","format":"standard","meta":{"footnotes":""},"categories":[18,54,17],"tags":[116,118,117],"class_list":["post-269","post","type-post","status-publish","format-standard","has-post-thumbnail","hentry","category-curiosidades","category-historia","category-ocio","tag-arresto","tag-chapo","tag-mayo-zambada"],"_links":{"self":[{"href":"https:\/\/srregio.net\/notiregio\/wp-json\/wp\/v2\/posts\/269","targetHints":{"allow":["GET"]}}],"collection":[{"href":"https:\/\/srregio.net\/notiregio\/wp-json\/wp\/v2\/posts"}],"about":[{"href":"https:\/\/srregio.net\/notiregio\/wp-json\/wp\/v2\/types\/post"}],"author":[{"embeddable":true,"href":"https:\/\/srregio.net\/notiregio\/wp-json\/wp\/v2\/users\/1"}],"replies":[{"embeddable":true,"href":"https:\/\/srregio.net\/notiregio\/wp-json\/wp\/v2\/comments?post=269"}],"version-history":[{"count":1,"href":"https:\/\/srregio.net\/notiregio\/wp-json\/wp\/v2\/posts\/269\/revisions"}],"predecessor-version":[{"id":270,"href":"https:\/\/srregio.net\/notiregio\/wp-json\/wp\/v2\/posts\/269\/revisions\/270"}],"wp:featuredmedia":[{"embeddable":true,"href":"https:\/\/srregio.net\/notiregio\/wp-json\/wp\/v2\/media\/268"}],"wp:attachment":[{"href":"https:\/\/srregio.net\/notiregio\/wp-json\/wp\/v2\/media?parent=269"}],"wp:term":[{"taxonomy":"category","embeddable":true,"href":"https:\/\/srregio.net\/notiregio\/wp-json\/wp\/v2\/categories?post=269"},{"taxonomy":"post_tag","embeddable":true,"href":"https:\/\/srregio.net\/notiregio\/wp-json\/wp\/v2\/tags?post=269"}],"curies":[{"name":"wp","href":"https:\/\/api.w.org\/{rel}","templated":true}]}}