{"id":279,"date":"2024-08-09T18:34:26","date_gmt":"2024-08-09T18:34:26","guid":{"rendered":"https:\/\/srregio.net\/notiregio\/?p=279"},"modified":"2024-08-09T18:35:17","modified_gmt":"2024-08-09T18:35:17","slug":"tragedia-en-brasil-vuelo-voepass-flight-2283-se-estrella-en-vinhedo-video","status":"publish","type":"post","link":"https:\/\/srregio.net\/notiregio\/2024\/08\/09\/tragedia-en-brasil-vuelo-voepass-flight-2283-se-estrella-en-vinhedo-video\/","title":{"rendered":"Tragedia en Brasil: Vuelo Voepass Flight 2283 se estrella en Vinhedo [Video]"},"content":{"rendered":"<p>Hoy 9 de agosto, un tr\u00e1gico accidente a\u00e9reo sacudi\u00f3 a Brasil cuando el vuelo Voepass Flight 2283 se estrell\u00f3 en Vinhedo, S\u00e3o Paulo.<\/p>\n<p>La aeronave, que transportaba a 62 personas, entr\u00f3 en una espiral descendente y se estrell\u00f3 en un \u00e1rea residencial, causando da\u00f1os materiales significativos. Afortunadamente, no se reportaron heridos en tierra.<\/p>\n<p>Las causas del accidente a\u00fan est\u00e1n bajo investigaci\u00f3n, pero las autoridades ya han iniciado las indagaciones para determinar qu\u00e9 sucedi\u00f3.<\/p>\n<p>El presidente de Brasil, Lula da Silva, declar\u00f3 un momento de silencio por las v\u00edctimas y expres\u00f3 sus condolencias a las familias afectadas.<\/p>\n<p>Actualizaremos esta noticia a medida que se disponga de m\u00e1s informaci\u00f3n.<\/p>\n<p><a href=\"https:\/\/www.youtube.com\/watch?v=_72YH_xGC9k\">https:\/\/www.youtube.com\/watch?v=_72YH_xGC9k<\/a><\/p>\n","protected":false},"excerpt":{"rendered":"<p>Hoy 9 de agosto, un tr\u00e1gico accidente a\u00e9reo sacudi\u00f3 a Brasil cuando el vuelo Voepass Flight 2283 se estrell\u00f3 en Vinhedo, S\u00e3o Paulo. La aeronave, que transportaba a 62 personas, entr\u00f3 en una espiral descendente y se estrell\u00f3 en un \u00e1rea residencial, causando da\u00f1os materiales significativos. Afortunadamente, no se reportaron heridos en tierra. Las causas &#8230; <a title=\"Tragedia en Brasil: Vuelo Voepass Flight 2283 se estrella en Vinhedo [Video]\" class=\"read-more\" href=\"https:\/\/srregio.net\/notiregio\/2024\/08\/09\/tragedia-en-brasil-vuelo-voepass-flight-2283-se-estrella-en-vinhedo-video\/\" aria-label=\"Leer m\u00e1s sobre Tragedia en Brasil: Vuelo Voepass Flight 2283 se estrella en Vinhedo [Video]\">Leer m\u00e1s<\/a><\/p>\n","protected":false},"author":1,"featured_media":280,"comment_status":"open","ping_status":"open","sticky":false,"template":"","format":"standard","meta":{"footnotes":""},"categories":[18,54],"tags":[126,125,59,127,57],"class_list":["post-279","post","type-post","status-publish","format-standard","has-post-thumbnail","hentry","category-curiosidades","category-historia","tag-brazil","tag-sao-paulo","tag-tragedia","tag-voepass-flight","tag-vuelo"],"_links":{"self":[{"href":"https:\/\/srregio.net\/notiregio\/wp-json\/wp\/v2\/posts\/279","targetHints":{"allow":["GET"]}}],"collection":[{"href":"https:\/\/srregio.net\/notiregio\/wp-json\/wp\/v2\/posts"}],"about":[{"href":"https:\/\/srregio.net\/notiregio\/wp-json\/wp\/v2\/types\/post"}],"author":[{"embeddable":true,"href":"https:\/\/srregio.net\/notiregio\/wp-json\/wp\/v2\/users\/1"}],"replies":[{"embeddable":true,"href":"https:\/\/srregio.net\/notiregio\/wp-json\/wp\/v2\/comments?post=279"}],"version-history":[{"count":2,"href":"https:\/\/srregio.net\/notiregio\/wp-json\/wp\/v2\/posts\/279\/revisions"}],"predecessor-version":[{"id":282,"href":"https:\/\/srregio.net\/notiregio\/wp-json\/wp\/v2\/posts\/279\/revisions\/282"}],"wp:featuredmedia":[{"embeddable":true,"href":"https:\/\/srregio.net\/notiregio\/wp-json\/wp\/v2\/media\/280"}],"wp:attachment":[{"href":"https:\/\/srregio.net\/notiregio\/wp-json\/wp\/v2\/media?parent=279"}],"wp:term":[{"taxonomy":"category","embeddable":true,"href":"https:\/\/srregio.net\/notiregio\/wp-json\/wp\/v2\/categories?post=279"},{"taxonomy":"post_tag","embeddable":true,"href":"https:\/\/srregio.net\/notiregio\/wp-json\/wp\/v2\/tags?post=279"}],"curies":[{"name":"wp","href":"https:\/\/api.w.org\/{rel}","templated":true}]}}