{"id":81,"date":"2022-02-19T16:58:30","date_gmt":"2022-02-19T16:58:30","guid":{"rendered":"https:\/\/srregio.net\/notiregio\/?p=81"},"modified":"2022-02-19T16:58:30","modified_gmt":"2022-02-19T16:58:30","slug":"captan-nubes-en-marte-nasa","status":"publish","type":"post","link":"https:\/\/srregio.net\/notiregio\/2022\/02\/19\/captan-nubes-en-marte-nasa\/","title":{"rendered":"Captan nubes en Marte &#8211; NASA"},"content":{"rendered":"<p><b>El veh\u00edculo explorador rover Curiosity\u00a0<\/b>(\u201cCuriosidad\u201d en espa\u00f1ol), capt\u00f3\u00a0<b>im\u00e1genes\u00a0<\/b>del desplazamiento de\u00a0<b>las nubes en Marte\u00a0<\/b>sobre el monte Sharp, mismas que comparti\u00f3 el\u00a0<a tabindex=\"0\" href=\"https:\/\/www.jpl.nasa.gov\/\" target=\"_blank\" rel=\"noopener\" data-t=\"{&quot;n&quot;:&quot;destination&quot;,&quot;t&quot;:13,&quot;b&quot;:1,&quot;c.t&quot;:7}\">Laboratorio de Propulsi\u00f3n a Chorro<\/a>\u00a0de la\u00a0<a tabindex=\"0\" href=\"https:\/\/www.nasa.gov\/\" target=\"_blank\" rel=\"noopener\" data-t=\"{&quot;n&quot;:&quot;destination&quot;,&quot;t&quot;:13,&quot;b&quot;:1,&quot;c.t&quot;:7}\">NASA<\/a>.<\/p>\n<h2 class=\"article-sub-heading\">\u00bfQu\u00e9 es el Curiosity?<\/h2>\n<p data-t=\"{&quot;n&quot;:&quot;blueLinks&quot;}\">Es un veh\u00edculo explorado<b>r tipo rover\u00a0<\/b>que pertenece a una misi\u00f3n espacial dirigida por la\u00a0<b>NASA<\/b>. Fue lanzado\u00a0<b>el 26 de noviembre de 2011<\/b>\u00a0y aterriz\u00f3 en Marte en el cr\u00e1ter Gale\u00a0<b>el 6 de agosto de 2012<\/b>.<\/p>\n<p data-t=\"{&quot;n&quot;:&quot;blueLinks&quot;}\">A lo largo de su misi\u00f3<b>n ha tomado docenas de muestras d<\/b>e suelo y polvo rocoso marciano\u00a0<b>para su an\u00e1lisis<\/b>. Tambi\u00e9n tiene el objetivo de investigar la capacidad pasada y presente<b>\u00a0de Marte para alojar vida<\/b>. La duraci\u00f3n prevista en un principio de la misi\u00f3n\u00a0<b>era de 1 a\u00f1o<\/b>. Sin embargo, lleva ya\u00a0<b>9 a\u00f1os investigando en Marte<\/b>.<\/p>\n<h2 class=\"article-sub-heading\">Nubes en Marte<\/h2>\n<p data-t=\"{&quot;n&quot;:&quot;blueLinks&quot;}\"><b>Las nubes se pueden ver\u00a0<\/b>a la deriva a trav\u00e9s del cielo marciano en una\u00a0<b>pel\u00edcula de 8 fotogramas<\/b>\u00a0realizada con im\u00e1genes de una c\u00e1mara de navegaci\u00f3n a bordo del rover Curiosity de la\u00a0<b>NASA<\/b>.<\/p>\n<p data-t=\"{&quot;n&quot;:&quot;blueLinks&quot;}\"><b>Las sombras de estas nubes<\/b>\u00a0se pueden ver a la deriva por el terreno. Estas im\u00e1genes fueron tomadas\u00a0<b>el 12 de diciembre de 2021<\/b>, el d\u00eda marciano\u00a0<b>n\u00famero 3325<\/b>, o sol, de la misi\u00f3n.<\/p>\n<p><script async src=\"https:\/\/pagead2.googlesyndication.com\/pagead\/js\/adsbygoogle.js?client=ca-pub-6033279595298929\"\n     crossorigin=\"anonymous\"><\/script><br \/>\n<ins class=\"adsbygoogle\"\n     style=\"display:block; text-align:center;\"\n     data-ad-layout=\"in-article\"\n     data-ad-format=\"fluid\"\n     data-ad-client=\"ca-pub-6033279595298929\"\n     data-ad-slot=\"9794772657\"><\/ins><br \/>\n<script>\n     (adsbygoogle = window.adsbygoogle || []).push({});\n<\/script><\/p>\n<p data-t=\"{&quot;n&quot;:&quot;blueLinks&quot;}\"><img loading=\"lazy\" decoding=\"async\" class=\"alignnone size-medium\" src=\"https:\/\/img-s-msn-com.akamaized.net\/tenant\/amp\/entityid\/AAU4tc3.img?w=768&amp;h=768&amp;m=6\" alt=\"Por Mediotiempo.com\" width=\"1024\" height=\"1024\" \/><\/p>\n<p data-t=\"{&quot;n&quot;:&quot;blueLinks&quot;}\">Una segunda<b>\u00a0pel\u00edcula de 8 fotogramas<\/b>, tomada con la misma c\u00e1mara de navegaci\u00f3n, muestran las nubes a la deriva\u00a0<b>directamente sobre Curiosity<\/b>. Los cient\u00edficos pueden calcular\u00a0<b>qu\u00e9 tan r\u00e1pido se mueven las nubes<\/b>\u00a0y qu\u00e9 tan alto est\u00e1n en el cielo comparando las dos perspectivas.<\/p>\n<p class=\"\" data-t=\"{&quot;n&quot;:&quot;blueLinks&quot;}\">Estas nubes se encuentran a una altura de\u00a0<b>casi 80 kil\u00f3metros<\/b>\u00a0sobre la superficie. Hace mucho fr\u00edo<b>\u00a0a esa altura<\/b>, lo que sugiere que estas nubes est\u00e1n compuestas\u00a0<b>de hielo de di\u00f3xido de carbono<\/b>\u00a0en lugar de nubes de hielo de agua, que normalmente se encuentran\u00a0<b>a menor altitud<\/b>.<\/p>\n<p class=\"\" data-t=\"{&quot;n&quot;:&quot;blueLinks&quot;}\"><b>Las nubes marcianas<\/b>\u00a0son muy tenues en la atm\u00f3sfera, por lo que se necesitan t<b>\u00e9cnicas de imagen especiales<\/b>\u00a0para verlas. Se toman m\u00faltiples im\u00e1genes para poder obtener\u00a0<b>un fondo claro y est\u00e1tico<\/b>.<\/p>\n<p class=\"\" data-t=\"{&quot;n&quot;:&quot;blueLinks&quot;}\"><b>Eso permite<\/b>\u00a0que cualquier otra cosa que se mueva dentro de la imagen (como nubes o sombras)\u00a0<b>se vuelva visible<\/b>\u00a0despu\u00e9s de restar este fondo est\u00e1tico\u00a0<b>de cada imagen individual<\/b>.<\/p>\n<p class=\"\" data-t=\"{&quot;n&quot;:&quot;blueLinks&quot;}\">No se menciona la velocidad de desplazamiento de las nubes, pero el portal Space.com reporta que, por lo general, la velocidad del viento cerca de la superficie marciana es de, aproximadamente, entre 7 y 35 kil\u00f3metros por hora, lo que podr\u00eda ser suficiente como para proporcionar energ\u00eda e\u00f3lica en Marte.<\/p>\n<div class=\"article-image-slot\" data-image-href=\"https:\/\/www.msn.com\/es-mx\/deportes\/todos-los-deportes\/la-nasa-capt%C3%B3-im%C3%A1genes-de-las-nubes-en-marte-fotos\/ar-AAU4tca?ocid=winp1taskbar&amp;fullscreen=true#image=3\" data-doc-id=\"cms\/api\/amp\/image\/AAU4puq\" data-rendered=\"true\">\n<div class=\"article-image-container\" data-t=\"{&quot;n&quot;:&quot;OpenModal&quot;,&quot;t&quot;:13}\"><img loading=\"lazy\" decoding=\"async\" class=\"alignnone size-medium\" src=\"https:\/\/img-s-msn-com.akamaized.net\/tenant\/amp\/entityid\/AAU4puq.img?w=768&amp;h=768&amp;m=6\" alt=\"Por Mediotiempo.com\" width=\"1024\" height=\"1024\" \/><\/div>\n<div data-t=\"{&quot;n&quot;:&quot;OpenModal&quot;,&quot;t&quot;:13}\"><\/div>\n<\/div>\n<div data-t=\"{&quot;n&quot;:&quot;OpenModal&quot;,&quot;t&quot;:13}\">No se menciona<b>\u00a0la velocidad de desplazamiento de las nubes<\/b>, pero el portal\u00a0<a tabindex=\"0\" href=\"https:\/\/www.space.com\/curiosity-rover-spots-mars-clouds-overhead\" target=\"_blank\" rel=\"noopener\" data-t=\"{&quot;n&quot;:&quot;destination&quot;,&quot;t&quot;:13,&quot;b&quot;:1,&quot;c.t&quot;:7}\">Sapce.com<\/a>\u00a0reporta que, por lo general,<b>\u00a0la velocidad del viento<\/b>\u00a0cerca de la superficie marciana es de, aproximadamente,<b>\u00a0entre 7 y 35 kil\u00f3metros por hora<\/b>, lo que podr\u00eda ser suficiente como para proporcionar\u00a0<b>energ\u00eda e\u00f3lica en Marte<\/b>.<\/div>\n<div data-t=\"{&quot;n&quot;:&quot;OpenModal&quot;,&quot;t&quot;:13}\"><\/div>\n<p><script async src=\"https:\/\/pagead2.googlesyndication.com\/pagead\/js\/adsbygoogle.js?client=ca-pub-6033279595298929\"\n     crossorigin=\"anonymous\"><\/script><br \/>\n<!-- 2022.01 --><br \/>\n<ins class=\"adsbygoogle\"\n     style=\"display:block\"\n     data-ad-client=\"ca-pub-6033279595298929\"\n     data-ad-slot=\"6879289453\"\n     data-ad-format=\"auto\"\n     data-full-width-responsive=\"true\"><\/ins><br \/>\n<script>\n     (adsbygoogle = window.adsbygoogle || []).push({});\n<\/script><\/p>\n<div data-t=\"{&quot;n&quot;:&quot;OpenModal&quot;,&quot;t&quot;:13}\">Fuente de noticia: <a href=\"https:\/\/www.msn.com\/es-mx\/deportes\/todos-los-deportes\/la-nasa-capt%C3%B3-im%C3%A1genes-de-las-nubes-en-marte-fotos\/ar-AAU4tca?ocid=winp1taskbar\">La NASA capt\u00f3 im\u00e1genes de las nubes en Marte: FOTOS (msn.com)<\/a><\/div>\n","protected":false},"excerpt":{"rendered":"<p>El veh\u00edculo explorador rover Curiosity\u00a0(\u201cCuriosidad\u201d en espa\u00f1ol), capt\u00f3\u00a0im\u00e1genes\u00a0del desplazamiento de\u00a0las nubes en Marte\u00a0sobre el monte Sharp, mismas que comparti\u00f3 el\u00a0Laboratorio de Propulsi\u00f3n a Chorro\u00a0de la\u00a0NASA. \u00bfQu\u00e9 es el Curiosity? Es un veh\u00edculo explorador tipo rover\u00a0que pertenece a una misi\u00f3n espacial dirigida por la\u00a0NASA. Fue lanzado\u00a0el 26 de noviembre de 2011\u00a0y aterriz\u00f3 en Marte en el &#8230; <a title=\"Captan nubes en Marte &#8211; NASA\" class=\"read-more\" href=\"https:\/\/srregio.net\/notiregio\/2022\/02\/19\/captan-nubes-en-marte-nasa\/\" aria-label=\"Leer m\u00e1s sobre Captan nubes en Marte &#8211; NASA\">Leer m\u00e1s<\/a><\/p>\n","protected":false},"author":1,"featured_media":82,"comment_status":"open","ping_status":"open","sticky":false,"template":"","format":"standard","meta":{"footnotes":""},"categories":[18],"tags":[22,4],"class_list":["post-81","post","type-post","status-publish","format-standard","has-post-thumbnail","hentry","category-curiosidades","tag-notiregio","tag-srregio"],"_links":{"self":[{"href":"https:\/\/srregio.net\/notiregio\/wp-json\/wp\/v2\/posts\/81","targetHints":{"allow":["GET"]}}],"collection":[{"href":"https:\/\/srregio.net\/notiregio\/wp-json\/wp\/v2\/posts"}],"about":[{"href":"https:\/\/srregio.net\/notiregio\/wp-json\/wp\/v2\/types\/post"}],"author":[{"embeddable":true,"href":"https:\/\/srregio.net\/notiregio\/wp-json\/wp\/v2\/users\/1"}],"replies":[{"embeddable":true,"href":"https:\/\/srregio.net\/notiregio\/wp-json\/wp\/v2\/comments?post=81"}],"version-history":[{"count":1,"href":"https:\/\/srregio.net\/notiregio\/wp-json\/wp\/v2\/posts\/81\/revisions"}],"predecessor-version":[{"id":83,"href":"https:\/\/srregio.net\/notiregio\/wp-json\/wp\/v2\/posts\/81\/revisions\/83"}],"wp:featuredmedia":[{"embeddable":true,"href":"https:\/\/srregio.net\/notiregio\/wp-json\/wp\/v2\/media\/82"}],"wp:attachment":[{"href":"https:\/\/srregio.net\/notiregio\/wp-json\/wp\/v2\/media?parent=81"}],"wp:term":[{"taxonomy":"category","embeddable":true,"href":"https:\/\/srregio.net\/notiregio\/wp-json\/wp\/v2\/categories?post=81"},{"taxonomy":"post_tag","embeddable":true,"href":"https:\/\/srregio.net\/notiregio\/wp-json\/wp\/v2\/tags?post=81"}],"curies":[{"name":"wp","href":"https:\/\/api.w.org\/{rel}","templated":true}]}}